{"id":2582,"date":"2026-03-25T09:51:44","date_gmt":"2026-03-25T09:51:44","guid":{"rendered":"https:\/\/prowohnen-ml.de\/?p=2582"},"modified":"2026-03-30T09:35:17","modified_gmt":"2026-03-30T09:35:17","slug":"servicewohnung-fuer-senioren-im-neubauprojekt-in-geiselbach-am-ziegelberg-49-82m2","status":"publish","type":"post","link":"https:\/\/prowohnen-ml.de\/index.php\/2026\/03\/25\/servicewohnung-fuer-senioren-im-neubauprojekt-in-geiselbach-am-ziegelberg-49-82m2\/","title":{"rendered":"Servicewohnung f\u00fcr Senioren im Neubauprojekt in Geiselbach am Ziegelberg 49 &#8211; 82m2"},"content":{"rendered":"\n<figure><img decoding=\"async\" style=\"width: 795px; height: auto;\" src=\"https:\/\/prowohnen-ml.de\/wp-content\/uploads\/2026\/03\/image-37.png\" alt=\"\" title=\"\"><\/figure>\n\n\n\n<p>&nbsp;<\/p>\n\n\n\n<figure><img decoding=\"async\" src=\"https:\/\/prowohnen-ml.de\/wp-content\/uploads\/2026\/02\/image001-1.png\" alt=\"\" title=\"\"><\/figure>\n\n\n\n<h2 class=\"wp-block-heading\"><br>Informationen zum Projekt<\/h2>\n\n\n\n<p>&nbsp;<\/p>\n\n\n\n<p>Wohnen am Ziegelberg f\u00fcr \u00e4ltere Menschen und Menschen mit Beeintr\u00e4chtigung.<\/p>\n\n\n\n<p>sie k\u00f6nnen zwischen verschiedenen Wohnungsgr\u00f6\u00dfen von 42- 82m2 ausw\u00e4hlen.<\/p>\n\n\n\n<p>Die mit viel Liebe zum Detail geplante Wohnanlage besteht in erster Linie aus freundlichen, hellen Wohnungen mit viel Komfort. Dieser entsteht durch das Leben auf einer Ebene mit kleinen aber feinen privaten Bereichen. Gerade auch f\u00fcr das Leben im Alter eine perfekte L\u00f6sung. Und wenn es erforderlich sein sollte, lassen sich die Angebote der ebenfalls hier angesiedelten Tagespflege nutzen.<\/p>\n\n\n\n<p><strong>Fl\u00e4chenangaben:<\/strong><\/p>\n\n\n\n<p>ImmoNr: ProWohnen-00120-IB, Objektart: Wohnung, Objekttyp: Erdgeschoss, Nutzungsart: Wohnen, Vermarktungsart: Kauf<br><br>PLZ: 63826, Ort: Geiselbach, Wohnfl\u00e4che: ca. 50 m\u00b2, Nutzfl\u00e4che: ca. 5 m\u00b2, Anzahl Zimmer: 2, Anzahl Schlafzimmer: 1, Anzahl Badezimmer: 1, Befeuerung: Luft\/Wasser W\u00e4rmepumpe<\/p>\n\n\n\n<p>Heizungsart: Fu\u00dfbodenheizung, Etagenzahl: 1, Kabel Sat TV: Ja, Stellpl\u00e4tze: 1 Freiplatz, Terrasse: Ja, Baujahr: 2028, Zustand: projektiert, Kaufpreis: 258.885,00 \u20ac<\/p>\n\n\n\n<p><strong>Lage:<\/strong><\/p>\n\n\n\n<p>Geiselbach ist eine charmante Gemeinde mit einer reichen Geschichte und einer besonderen Lage im Herzen des Spessarts. Die neue Wohnanlage entsteht am Ortsrand. Die idyllische Umgebung bietet eine harmonische Mischung aus Natur und Tradition, was das Wohnen hier besonders attraktiv macht. Die Gemeinde ist stolz auf ihre historische Vergangenheit, die sich in den gut erhaltenen Geb\u00e4uden und den lebendigen Traditionen widerspiegelt. In Geiselbach finden Sie vielf\u00e4ltige Angebote im sozialen und kulturellen Bereich. Es gibt engagierte Vereine, die regelm\u00e4\u00dfig Veranstaltungen und Feste organisieren, sowie Gemeinschaftseinrichtungen, die das Miteinander f\u00f6rdern. Kulturelle Highlights und lokale Feste sorgen f\u00fcr ein lebendiges Gemeinschaftsleben und bieten Gelegenheiten, sich mit Nachbarn und Freunden zu treffen. Auch die Freizeitm\u00f6glichkeiten sind vielf\u00e4ltig. Die umliegende Natur l\u00e4dt zu Spazierg\u00e4ngen, Wanderungen und Radtouren ein. F\u00fcr Familien gibt es Spielpl\u00e4tze und Gemeinschaftszentren, die zum Spielen und Verweilen einladen.<br><br>In Geiselbach k\u00f6nnen Sie also nicht nur in einer sch\u00f6nen Umgebung wohnen, sondern auch aktiv am Gemeinschaftsleben teilnehmen und die Natur genie\u00dfen. Eine lebendige Gemeinde, die Tradition und Moderne auf harmonische Weise verbindet! Geiselbach liegt in der Region Bayerischer Untermain im Kahlgrund direkt an der hessischen Landesgrenze.<br>Die Gemeinde befindet sich etwa 20 km n\u00f6rdlich von Aschaffenburg und ungef\u00e4hr 50 km \u00f6stlich von Frankfurt am Main. Gelnhausen und Hanau sind ebenfalls sehr nahe.<\/p>\n\n\n\n<p><strong>Ausstattung Beschreibung:<\/strong><\/p>\n\n\n\n<p><strong>Sonstige Angaben:<\/strong><\/p>\n\n\n\n<p>Alle Wohnungen sind hochwertig ausgestattet. Ihre pers\u00f6nlichen W\u00fcnsche k\u00f6nnen bei der Bemusterung noch ber\u00fccksichtigt werden. Damit Sie sich w\u00e4hrend der Bauphase auf das Wesentliche konzentrieren k\u00f6nnen, empfehlen wir die K\u00fcche bei unserem Partner-K\u00fcchenstudio zu ordern. Somit ist eine reibungslose Abwicklung vom Kauf bis zur \u00dcbergabe gew\u00e4hrleistet \u2013 gem\u00e4\u00df dem Motto: Alles aus einer Hand. <br><br>moderne Holzst\u00e4nderbauweise<br>Ausstattung mit Produkten f\u00fchrender deutscher Markenhersteller<br>3-fach verglaste Kunststofffenster<br>Elektrische Rollladen<br>Bodengleiche Dusche, barrierefreies Bad<br>Luft Wasser W\u00e4rmepumpe mit Fu\u00dfbodenheizung<br>Handtuchheizk\u00f6rper im Bad<br>Zentraler Aufzug<br>PKW-Stellplatz<br>Hocheffiziente und energiesparende Bauweise<br>Innenputz<br>freiw\u00e4hlbaren Fliesen und Bodenbel\u00e4gen<br>fertiggestellte Au\u00dfenanlage einschlie\u00dflich Bepflanzung fertiggestellter Terrasse<br>Die Wohnungen sind durch die gro\u00dfen Fensterfl\u00e4chen sehr hell und freundlich. Sie verf\u00fcgen \u00fcber eine Terrassen und je einen KfZ-Stellplatz.<\/p>\n\n\n\n<p>Das Thema Servicewohnen sichert die soziale Betreuung der k\u00fcnftigen Bewohner durch den Servicegeber. Der Servicegeber wird dem Ziel gerecht, die gr\u00f6\u00dftm\u00f6gliche Selbst\u00e4ndigkeit und Selbstbestimmung in der Lebensf\u00fchrung zu erhalten und die gr\u00f6\u00dftm\u00f6gliche Normalit\u00e4t und Kontinuit\u00e4t in den Lebensverh\u00e4ltnissen zu gew\u00e4hrleisten.<br><br>Informationen zu Prowohnen:<br>Sprechen Sie uns an. Unser Anspruch gilt einer hohen Beratungsqualit\u00e4t. Gerne laden wir Sie zu einem Beratungsgespr\u00e4ch in unser B\u00fcro nach Eschau ein. Bei einem Kaffee k\u00f6nnen wir alle wichtigen Fragen kl\u00e4ren.<\/p>\n\n\n\n<p>Im Zuge des Neukaufs einer Immobilie bewerten wir gerne Ihre vorhandene Immobilie und vermarkten diese erfolgreich f\u00fcr Sie.<br>F\u00fcr weitere Informationen und Beratungsgespr\u00e4che kontaktieren Sie uns gerne \u00fcber E-Mail, unser Kontaktformular oder rufen Sie uns an.<br>Wir beraten Sie gerne pers\u00f6nlich. Unseren Partner k\u00f6nnen sie auch zum Thema Finanzierung ansprechen.<\/p>\n\n\n\n<p>ProWohnen Miteinander Leben GmbH<br>Herr J\u00fcrgen Blitz<br>In der Quelle 5<br>63863 Eschau<br>Telefon: 09374 40998 25<br>E-Mail: j.blitz@prowohnen-ml.de<br>www.prowohnen-ml.de<\/p>\n\n\n\n<figure class=\"wp-block-video\"><video height=\"1080\" style=\"aspect-ratio: 1920 \/ 1080;\" width=\"1920\" controls src=\"https:\/\/prowohnen-ml.de\/wp-content\/uploads\/2026\/03\/2025-11-Innenansicht-Bitrate-2.mp4\"><\/video><\/figure>\n\n\n\n<p><\/p>\n\n\n\n<figure class=\"wp-block-video\"><video height=\"1080\" style=\"aspect-ratio: 1920 \/ 1080;\" width=\"1920\" controls src=\"https:\/\/prowohnen-ml.de\/wp-content\/uploads\/2026\/03\/2025-11_Bebauung-Geiselbach-Bitrate-2.mp4\"><\/video><\/figure>\n\n\n\n<p><\/p>\n\n\n\n<figure class=\"wp-block-image size-large is-resized\"><img fetchpriority=\"high\" decoding=\"async\" width=\"1024\" height=\"634\" src=\"https:\/\/prowohnen-ml.de\/wp-content\/uploads\/2026\/03\/image-37-1-1024x634.png\" alt=\"\" class=\"wp-image-2585\" style=\"width:1200px;height:auto\" title=\"\" srcset=\"https:\/\/prowohnen-ml.de\/wp-content\/uploads\/2026\/03\/image-37-1-1024x634.png 1024w, https:\/\/prowohnen-ml.de\/wp-content\/uploads\/2026\/03\/image-37-1-300x186.png 300w, https:\/\/prowohnen-ml.de\/wp-content\/uploads\/2026\/03\/image-37-1-768x475.png 768w, https:\/\/prowohnen-ml.de\/wp-content\/uploads\/2026\/03\/image-37-1-1536x950.png 1536w, https:\/\/prowohnen-ml.de\/wp-content\/uploads\/2026\/03\/image-37-1-1320x817.png 1320w, https:\/\/prowohnen-ml.de\/wp-content\/uploads\/2026\/03\/image-37-1.png 1920w\" sizes=\"(max-width: 1024px) 100vw, 1024px\" \/><\/figure>\n\n\n\n<p>&nbsp;<\/p>\n\n\n\n<figure><img decoding=\"async\" style=\"width: 1200px; height: auto;\" src=\"https:\/\/prowohnen-ml.de\/wp-content\/uploads\/2026\/03\/image-38-1-1024x546.png\" alt=\"\" title=\"\"><\/figure>\n\n\n\n<p>&nbsp;<\/p>\n\n\n\n<figure><img decoding=\"async\" style=\"width: 1200px; height: auto;\" src=\"https:\/\/prowohnen-ml.de\/wp-content\/uploads\/2026\/03\/image-39-1-1024x576.png\" alt=\"\" title=\"\"><\/figure>\n\n\n\n<p>&nbsp;<\/p>\n\n\n\n<figure><img decoding=\"async\" style=\"width: 1200px; height: auto;\" src=\"https:\/\/prowohnen-ml.de\/wp-content\/uploads\/2026\/03\/image-40-1024x576.png\" alt=\"\" title=\"\"><\/figure>\n\n\n\n<p>&nbsp;<\/p>\n\n\n\n<figure><img decoding=\"async\" style=\"width: 1200px; height: auto;\" src=\"https:\/\/prowohnen-ml.de\/wp-content\/uploads\/2026\/03\/image-41-1-1024x576.png\" alt=\"\" title=\"\"><\/figure>\n\n\n\n<p>&nbsp;<\/p>\n\n\n\n<p><\/p>\n","protected":false},"excerpt":{"rendered":"<p>&nbsp; Informationen zum Projekt &nbsp; Wohnen am Ziegelberg f\u00fcr \u00e4ltere Menschen und Menschen mit Beeintr\u00e4chtigung. sie k\u00f6nnen zwischen verschiedenen Wohnungsgr\u00f6\u00dfen von 42- 82m2 ausw\u00e4hlen. Die mit viel Liebe zum Detail geplante Wohnanlage besteht in erster Linie aus freundlichen, hellen Wohnungen mit viel Komfort. Dieser entsteht durch das Leben auf einer Ebene mit kleinen aber feinen [&hellip;]<\/p>\n","protected":false},"author":2,"featured_media":2584,"comment_status":"closed","ping_status":"closed","sticky":false,"template":"","format":"standard","meta":{"site-sidebar-layout":"default","site-content-layout":"","ast-site-content-layout":"default","site-content-style":"default","site-sidebar-style":"default","ast-global-header-display":"","ast-banner-title-visibility":"","ast-main-header-display":"","ast-hfb-above-header-display":"","ast-hfb-below-header-display":"","ast-hfb-mobile-header-display":"","site-post-title":"","ast-breadcrumbs-content":"","ast-featured-img":"","footer-sml-layout":"","ast-disable-related-posts":"","theme-transparent-header-meta":"","adv-header-id-meta":"","stick-header-meta":"","header-above-stick-meta":"","header-main-stick-meta":"","header-below-stick-meta":"","astra-migrate-meta-layouts":"set","ast-page-background-enabled":"default","ast-page-background-meta":{"desktop":{"background-color":"var(--ast-global-color-4)","background-image":"","background-repeat":"repeat","background-position":"center center","background-size":"auto","background-attachment":"scroll","background-type":"","background-media":"","overlay-type":"","overlay-color":"","overlay-opacity":"","overlay-gradient":""},"tablet":{"background-color":"","background-image":"","background-repeat":"repeat","background-position":"center center","background-size":"auto","background-attachment":"scroll","background-type":"","background-media":"","overlay-type":"","overlay-color":"","overlay-opacity":"","overlay-gradient":""},"mobile":{"background-color":"","background-image":"","background-repeat":"repeat","background-position":"center center","background-size":"auto","background-attachment":"scroll","background-type":"","background-media":"","overlay-type":"","overlay-color":"","overlay-opacity":"","overlay-gradient":""}},"ast-content-background-meta":{"desktop":{"background-color":"var(--ast-global-color-5)","background-image":"","background-repeat":"repeat","background-position":"center center","background-size":"auto","background-attachment":"scroll","background-type":"","background-media":"","overlay-type":"","overlay-color":"","overlay-opacity":"","overlay-gradient":""},"tablet":{"background-color":"var(--ast-global-color-5)","background-image":"","background-repeat":"repeat","background-position":"center center","background-size":"auto","background-attachment":"scroll","background-type":"","background-media":"","overlay-type":"","overlay-color":"","overlay-opacity":"","overlay-gradient":""},"mobile":{"background-color":"var(--ast-global-color-5)","background-image":"","background-repeat":"repeat","background-position":"center center","background-size":"auto","background-attachment":"scroll","background-type":"","background-media":"","overlay-type":"","overlay-color":"","overlay-opacity":"","overlay-gradient":""}},"footnotes":""},"categories":[10],"tags":[],"class_list":["post-2582","post","type-post","status-publish","format-standard","has-post-thumbnail","hentry","category-immobilienangebote"],"_links":{"self":[{"href":"https:\/\/prowohnen-ml.de\/index.php\/wp-json\/wp\/v2\/posts\/2582","targetHints":{"allow":["GET"]}}],"collection":[{"href":"https:\/\/prowohnen-ml.de\/index.php\/wp-json\/wp\/v2\/posts"}],"about":[{"href":"https:\/\/prowohnen-ml.de\/index.php\/wp-json\/wp\/v2\/types\/post"}],"author":[{"embeddable":true,"href":"https:\/\/prowohnen-ml.de\/index.php\/wp-json\/wp\/v2\/users\/2"}],"replies":[{"embeddable":true,"href":"https:\/\/prowohnen-ml.de\/index.php\/wp-json\/wp\/v2\/comments?post=2582"}],"version-history":[{"count":10,"href":"https:\/\/prowohnen-ml.de\/index.php\/wp-json\/wp\/v2\/posts\/2582\/revisions"}],"predecessor-version":[{"id":2627,"href":"https:\/\/prowohnen-ml.de\/index.php\/wp-json\/wp\/v2\/posts\/2582\/revisions\/2627"}],"wp:featuredmedia":[{"embeddable":true,"href":"https:\/\/prowohnen-ml.de\/index.php\/wp-json\/wp\/v2\/media\/2584"}],"wp:attachment":[{"href":"https:\/\/prowohnen-ml.de\/index.php\/wp-json\/wp\/v2\/media?parent=2582"}],"wp:term":[{"taxonomy":"category","embeddable":true,"href":"https:\/\/prowohnen-ml.de\/index.php\/wp-json\/wp\/v2\/categories?post=2582"},{"taxonomy":"post_tag","embeddable":true,"href":"https:\/\/prowohnen-ml.de\/index.php\/wp-json\/wp\/v2\/tags?post=2582"}],"curies":[{"name":"wp","href":"https:\/\/api.w.org\/{rel}","templated":true}]}}