{"id":2510,"date":"2026-01-09T12:35:27","date_gmt":"2026-01-09T12:35:27","guid":{"rendered":"https:\/\/prowohnen-ml.de\/?p=2510"},"modified":"2026-01-09T13:13:48","modified_gmt":"2026-01-09T13:13:48","slug":"kleines-haus-mit-hof-garten-und-anbau-direkt-in-obernburg-in-der-naehe-der-altstadt","status":"publish","type":"post","link":"https:\/\/prowohnen-ml.de\/index.php\/2026\/01\/09\/kleines-haus-mit-hof-garten-und-anbau-direkt-in-obernburg-in-der-naehe-der-altstadt\/","title":{"rendered":"Kleines Haus mit Hof, Garten und Anbau direkt in Obernburg in der N\u00e4he der Altstadt"},"content":{"rendered":"\t\t<div data-elementor-type=\"wp-post\" data-elementor-id=\"2510\" class=\"elementor elementor-2510\" data-elementor-post-type=\"post\">\n\t\t\t\t<div class=\"elementor-element elementor-element-65ef53b8 e-flex e-con-boxed e-con e-parent\" data-id=\"65ef53b8\" data-element_type=\"container\" data-e-type=\"container\">\n\t\t\t\t\t<div class=\"e-con-inner\">\n\t\t<div class=\"elementor-element elementor-element-a31b3ac e-grid e-con-full e-con e-child\" data-id=\"a31b3ac\" data-element_type=\"container\" data-e-type=\"container\">\n\t\t\t\t<div class=\"elementor-element elementor-element-f6f4a11 elementor-widget__width-inherit elementor-widget elementor-widget-image\" data-id=\"f6f4a11\" data-element_type=\"widget\" data-e-type=\"widget\" data-widget_type=\"image.default\">\n\t\t\t\t<div class=\"elementor-widget-container\">\n\t\t\t\t\t\t\t\t\t\t\t\t\t\t\t<img fetchpriority=\"high\" decoding=\"async\" width=\"2406\" height=\"2560\" src=\"https:\/\/prowohnen-ml.de\/wp-content\/uploads\/2026\/01\/Obernburg-Kressstr.-10-1-scaled.jpg\" class=\"attachment-full size-full wp-image-2515\" alt=\"Stra\u00dfenansicht der Hausfassade in Obernburg mit Satteldach und Fenstern.\" srcset=\"https:\/\/prowohnen-ml.de\/wp-content\/uploads\/2026\/01\/Obernburg-Kressstr.-10-1-scaled.jpg 2406w, https:\/\/prowohnen-ml.de\/wp-content\/uploads\/2026\/01\/Obernburg-Kressstr.-10-1-282x300.jpg 282w, https:\/\/prowohnen-ml.de\/wp-content\/uploads\/2026\/01\/Obernburg-Kressstr.-10-1-963x1024.jpg 963w, https:\/\/prowohnen-ml.de\/wp-content\/uploads\/2026\/01\/Obernburg-Kressstr.-10-1-768x817.jpg 768w, https:\/\/prowohnen-ml.de\/wp-content\/uploads\/2026\/01\/Obernburg-Kressstr.-10-1-1444x1536.jpg 1444w, https:\/\/prowohnen-ml.de\/wp-content\/uploads\/2026\/01\/Obernburg-Kressstr.-10-1-1925x2048.jpg 1925w, https:\/\/prowohnen-ml.de\/wp-content\/uploads\/2026\/01\/Obernburg-Kressstr.-10-1-1320x1404.jpg 1320w\" sizes=\"(max-width: 2406px) 100vw, 2406px\" title=\"\">\t\t\t\t\t\t\t\t\t\t\t\t\t\t\t<\/div>\n\t\t\t\t<\/div>\n\t\t\t\t<div class=\"elementor-element elementor-element-af5fd69 elementor-widget elementor-widget-image\" data-id=\"af5fd69\" data-element_type=\"widget\" data-e-type=\"widget\" data-widget_type=\"image.default\">\n\t\t\t\t<div class=\"elementor-widget-container\">\n\t\t\t\t\t\t\t\t\t\t\t\t\t\t\t<img decoding=\"async\" width=\"1024\" height=\"768\" src=\"https:\/\/prowohnen-ml.de\/wp-content\/uploads\/2026\/01\/Obernburg-Strassenansicht-1024x768.jpg\" class=\"attachment-large size-large wp-image-2513\" alt=\"Au\u00dfenansicht des Hauses mit Hofeinfahrt und Zaun in Obernburg.\" srcset=\"https:\/\/prowohnen-ml.de\/wp-content\/uploads\/2026\/01\/Obernburg-Strassenansicht-1024x768.jpg 1024w, https:\/\/prowohnen-ml.de\/wp-content\/uploads\/2026\/01\/Obernburg-Strassenansicht-300x225.jpg 300w, https:\/\/prowohnen-ml.de\/wp-content\/uploads\/2026\/01\/Obernburg-Strassenansicht-768x576.jpg 768w, https:\/\/prowohnen-ml.de\/wp-content\/uploads\/2026\/01\/Obernburg-Strassenansicht-1536x1152.jpg 1536w, https:\/\/prowohnen-ml.de\/wp-content\/uploads\/2026\/01\/Obernburg-Strassenansicht-2048x1536.jpg 2048w, https:\/\/prowohnen-ml.de\/wp-content\/uploads\/2026\/01\/Obernburg-Strassenansicht-1320x990.jpg 1320w\" sizes=\"(max-width: 1024px) 100vw, 1024px\" title=\"\">\t\t\t\t\t\t\t\t\t\t\t\t\t\t\t<\/div>\n\t\t\t\t<\/div>\n\t\t\t\t<\/div>\n\t\t\t\t<div class=\"elementor-element elementor-element-3905094c elementor-widget elementor-widget-text-editor\" data-id=\"3905094c\" data-element_type=\"widget\" data-e-type=\"widget\" data-widget_type=\"text-editor.default\">\n\t\t\t\t<div class=\"elementor-widget-container\">\n\t\t\t\t\t\t\t\t\t<h2 class=\"wp-block-heading\">Informationen zum Projekt<\/h2>\n<p><br \/>Zum Verkauf steht ein kleines Haus mit Keller, Hof und Garten, Balkon, einem Anbau in zentraler Lage direkt in Obernburg.<\/p>\n<p><!-- \/wp:image --><!-- wp:heading --><\/p>\n<p data-start=\"1578\" data-end=\"1725\">Das Haus hat Potential, es sind noch Renovierungsarbeiten notwendig. Teilweise wurde schon renoviert. Hier k\u00f6nnen Sie es sich gem\u00fctlich einrichten.<\/p>\n<p data-start=\"1727\" data-end=\"1850\">Ideal f\u00fcr Paare, Singles, Handwerker, Vermieter, Investoren, K\u00fcnstler und alle die ein kleines Anwesen in Obernburg suchen.<\/p>\n<h4><strong>Fl\u00e4chenangaben:<br \/><br \/><\/strong><\/h4>\n<p>Etagenzahl: 2<br data-start=\"132\" data-end=\"135\" \/>Anzahl Zimmer: 3, Anzahl Schlafzimmer: 2, Anzahl Badezimmer: 1<br data-start=\"209\" data-end=\"212\" \/>ca. 80 m\u00b2 Wohnfl\u00e4che, ca. 160 m\u00b2 Nutzfl\u00e4che, ca. 268 m\u00b2 Grundst\u00fccksgr\u00f6\u00dfe<\/p>\n<h4 data-start=\"1852\" data-end=\"1860\">Lage<br \/><br \/><\/h4>\n<p data-start=\"1861\" data-end=\"2105\">Die Stadt Obernburg ist eine aktive Stadt im Landkreis Miltenberg direkt am Main gelegen. Durch die nahe Autobahnanbindung Bundesstr. B469 und den Bahnhof auf der anderen Mainseite ist Obernburg perfekt an das nahe Rhein Main Gebiet angebunden.<\/p>\n<p data-start=\"2107\" data-end=\"2206\">In der R\u00f6merstr., die durch die Altstadt f\u00fchrt gibt es viele Einkaufsm\u00f6glichkeiten und Restaurants.<\/p>\n<p data-start=\"2208\" data-end=\"2363\">Es gibt Allgemein-, Fach\u00e4rzte und Apotheken. Allein durch die N\u00e4he zum Main und zum Naturpark Odenwald und Spessart sind viele Freizeitaktivit\u00e4ten m\u00f6glich.<\/p>\n<p data-start=\"2365\" data-end=\"2403\">Kindergarten und Schulen sind vor Ort.<\/p>\n<h4 data-start=\"2405\" data-end=\"2433\">Ausstattung Beschreibung<\/h4>\n<p data-start=\"2434\" data-end=\"2532\"><br \/>Hof, Garten, Stellpl\u00e4tze, Anbau mit 3 R\u00e4umen<br data-start=\"2478\" data-end=\"2481\" \/>K\u00fcche, Essen, Wohnen, Schlafen, Bad, Keller, Balkon<\/p>\n<p data-start=\"2534\" data-end=\"2648\">Das Haus hat Potential, es sind noch Renovierungsarbeiten notwendig. Hier k\u00f6nnen Sie es sich gem\u00fctlich einrichten.<\/p>\n<p data-start=\"2694\" data-end=\"2827\">F\u00fcr weitere Informationen und Beratungsgespr\u00e4che kontaktieren Sie uns gerne \u00fcber E-Mail, unser Kontaktformular oder rufen Sie uns an.<\/p>\n<p data-start=\"2829\" data-end=\"3007\"><strong data-start=\"2829\" data-end=\"2867\">ProWohnen \u2013 Miteinander Leben GmbH<\/strong><br data-start=\"2867\" data-end=\"2870\" \/>Herr J\u00fcrgen Blitz<br data-start=\"2887\" data-end=\"2890\" \/>In der Quelle 5<br data-start=\"2905\" data-end=\"2908\" \/>63863 Eschau<br data-start=\"2920\" data-end=\"2923\" \/>Telefon: 09374 40998 25<br data-start=\"2946\" data-end=\"2949\" \/>E-Mail: <span style=\"color: #000000;\"><a class=\"decorated-link cursor-pointer\" style=\"color: #000000;\" rel=\"noopener\" data-start=\"2957\" data-end=\"2980\">j.blitz@prowohnen-ml.de<\/a><\/span><br data-start=\"2980\" data-end=\"2983\" \/><span style=\"color: #000000;\">Web: <a class=\"decorated-link cursor-pointer\" style=\"color: #000000;\" target=\"_new\" rel=\"noopener\" data-start=\"2988\" data-end=\"3007\">www.prowohnen-ml.de<\/a><\/span><\/p>\n<p><!-- \/wp:paragraph --><\/p>\t\t\t\t\t\t\t\t<\/div>\n\t\t\t\t<\/div>\n\t\t\t\t\t<\/div>\n\t\t\t\t<\/div>\n\t\t\t\t<\/div>\n\t\t","protected":false},"excerpt":{"rendered":"<p>Informationen zum Projekt Zum Verkauf steht ein kleines Haus mit Keller, Hof und Garten, Balkon, einem Anbau in zentraler Lage direkt in Obernburg. Das Haus hat Potential, es sind noch Renovierungsarbeiten notwendig. Teilweise wurde schon renoviert. Hier k\u00f6nnen Sie es sich gem\u00fctlich einrichten. Ideal f\u00fcr Paare, Singles, Handwerker, Vermieter, Investoren, K\u00fcnstler und alle die ein [&hellip;]<\/p>\n","protected":false},"author":2,"featured_media":2515,"comment_status":"closed","ping_status":"closed","sticky":false,"template":"","format":"standard","meta":{"site-sidebar-layout":"default","site-content-layout":"","ast-site-content-layout":"default","site-content-style":"default","site-sidebar-style":"default","ast-global-header-display":"","ast-banner-title-visibility":"","ast-main-header-display":"","ast-hfb-above-header-display":"","ast-hfb-below-header-display":"","ast-hfb-mobile-header-display":"","site-post-title":"","ast-breadcrumbs-content":"","ast-featured-img":"","footer-sml-layout":"","ast-disable-related-posts":"","theme-transparent-header-meta":"","adv-header-id-meta":"","stick-header-meta":"","header-above-stick-meta":"","header-main-stick-meta":"","header-below-stick-meta":"","astra-migrate-meta-layouts":"set","ast-page-background-enabled":"default","ast-page-background-meta":{"desktop":{"background-color":"var(--ast-global-color-4)","background-image":"","background-repeat":"repeat","background-position":"center center","background-size":"auto","background-attachment":"scroll","background-type":"","background-media":"","overlay-type":"","overlay-color":"","overlay-opacity":"","overlay-gradient":""},"tablet":{"background-color":"","background-image":"","background-repeat":"repeat","background-position":"center center","background-size":"auto","background-attachment":"scroll","background-type":"","background-media":"","overlay-type":"","overlay-color":"","overlay-opacity":"","overlay-gradient":""},"mobile":{"background-color":"","background-image":"","background-repeat":"repeat","background-position":"center center","background-size":"auto","background-attachment":"scroll","background-type":"","background-media":"","overlay-type":"","overlay-color":"","overlay-opacity":"","overlay-gradient":""}},"ast-content-background-meta":{"desktop":{"background-color":"var(--ast-global-color-5)","background-image":"","background-repeat":"repeat","background-position":"center center","background-size":"auto","background-attachment":"scroll","background-type":"","background-media":"","overlay-type":"","overlay-color":"","overlay-opacity":"","overlay-gradient":""},"tablet":{"background-color":"var(--ast-global-color-5)","background-image":"","background-repeat":"repeat","background-position":"center center","background-size":"auto","background-attachment":"scroll","background-type":"","background-media":"","overlay-type":"","overlay-color":"","overlay-opacity":"","overlay-gradient":""},"mobile":{"background-color":"var(--ast-global-color-5)","background-image":"","background-repeat":"repeat","background-position":"center center","background-size":"auto","background-attachment":"scroll","background-type":"","background-media":"","overlay-type":"","overlay-color":"","overlay-opacity":"","overlay-gradient":""}},"footnotes":""},"categories":[10],"tags":[],"class_list":["post-2510","post","type-post","status-publish","format-standard","has-post-thumbnail","hentry","category-immobilienangebote"],"_links":{"self":[{"href":"https:\/\/prowohnen-ml.de\/index.php\/wp-json\/wp\/v2\/posts\/2510","targetHints":{"allow":["GET"]}}],"collection":[{"href":"https:\/\/prowohnen-ml.de\/index.php\/wp-json\/wp\/v2\/posts"}],"about":[{"href":"https:\/\/prowohnen-ml.de\/index.php\/wp-json\/wp\/v2\/types\/post"}],"author":[{"embeddable":true,"href":"https:\/\/prowohnen-ml.de\/index.php\/wp-json\/wp\/v2\/users\/2"}],"replies":[{"embeddable":true,"href":"https:\/\/prowohnen-ml.de\/index.php\/wp-json\/wp\/v2\/comments?post=2510"}],"version-history":[{"count":12,"href":"https:\/\/prowohnen-ml.de\/index.php\/wp-json\/wp\/v2\/posts\/2510\/revisions"}],"predecessor-version":[{"id":2527,"href":"https:\/\/prowohnen-ml.de\/index.php\/wp-json\/wp\/v2\/posts\/2510\/revisions\/2527"}],"wp:featuredmedia":[{"embeddable":true,"href":"https:\/\/prowohnen-ml.de\/index.php\/wp-json\/wp\/v2\/media\/2515"}],"wp:attachment":[{"href":"https:\/\/prowohnen-ml.de\/index.php\/wp-json\/wp\/v2\/media?parent=2510"}],"wp:term":[{"taxonomy":"category","embeddable":true,"href":"https:\/\/prowohnen-ml.de\/index.php\/wp-json\/wp\/v2\/categories?post=2510"},{"taxonomy":"post_tag","embeddable":true,"href":"https:\/\/prowohnen-ml.de\/index.php\/wp-json\/wp\/v2\/tags?post=2510"}],"curies":[{"name":"wp","href":"https:\/\/api.w.org\/{rel}","templated":true}]}}