{"id":1996,"date":"2025-05-14T07:02:42","date_gmt":"2025-05-14T07:02:42","guid":{"rendered":"https:\/\/prowohnen-ml.de\/?p=1996"},"modified":"2025-08-18T13:42:35","modified_gmt":"2025-08-18T13:42:35","slug":"wohnhaus-mit-bauernhof-bietet-viele-moeglichkeiten-fuer-eine-familie-und-mehr","status":"publish","type":"post","link":"https:\/\/prowohnen-ml.de\/index.php\/2025\/05\/14\/wohnhaus-mit-bauernhof-bietet-viele-moeglichkeiten-fuer-eine-familie-und-mehr\/","title":{"rendered":"Wohnhaus mit Bauernhof bietet viele M\u00f6glichkeiten f\u00fcr eine Familie und mehr"},"content":{"rendered":"\n<figure class=\"wp-block-image size-large\"><img fetchpriority=\"high\" decoding=\"async\" width=\"1024\" height=\"768\" src=\"https:\/\/prowohnen-ml.de\/wp-content\/uploads\/2025\/05\/1-1-1024x768.jpg\" alt=\"\" class=\"wp-image-1955\" title=\"\" srcset=\"https:\/\/prowohnen-ml.de\/wp-content\/uploads\/2025\/05\/1-1-1024x768.jpg 1024w, https:\/\/prowohnen-ml.de\/wp-content\/uploads\/2025\/05\/1-1-300x225.jpg 300w, https:\/\/prowohnen-ml.de\/wp-content\/uploads\/2025\/05\/1-1-768x576.jpg 768w, https:\/\/prowohnen-ml.de\/wp-content\/uploads\/2025\/05\/1-1-1536x1152.jpg 1536w, https:\/\/prowohnen-ml.de\/wp-content\/uploads\/2025\/05\/1-1-1320x990.jpg 1320w, https:\/\/prowohnen-ml.de\/wp-content\/uploads\/2025\/05\/1-1.jpg 1920w\" sizes=\"(max-width: 1024px) 100vw, 1024px\" \/><\/figure>\n\n\n\n<h2 class=\"wp-block-heading\">Informationen zum Projekt<\/h2>\n\n\n\n<p>verkauft wird ein Wohnhaus mit Garagen, Kellern, Scheunen im <strong>Zentrum von M\u00f6nchberg<\/strong> mit vielen M\u00f6glichkeiten. Hier kann <strong>sofort eine Gro\u00dffamilie <\/strong><strong>einziehen<\/strong>. Das Highlight sind die liebevoll <strong>renovierten<\/strong> <strong>B\u00e4der<\/strong>.<br>Ideal f\u00fcr Tierhalter, Schrauber, Sammler, Familien, Investoren und viele mehr.<\/p>\n\n\n\n<p><strong>Wohnfl\u00e4che:<\/strong><\/p>\n\n\n\n<ul class=\"wp-block-list\">\n<li>ca. 207 m2<\/li>\n<\/ul>\n\n\n\n<p><strong>Nutzfl\u00e4che:<\/strong><\/p>\n\n\n\n<ul class=\"wp-block-list\">\n<li>ca. 393 m2<\/li>\n<\/ul>\n\n\n\n<p><strong>Grundst\u00fccksgr\u00f6\u00dfe:<\/strong><\/p>\n\n\n\n<ul class=\"wp-block-list\">\n<li>ca. 1.000 m2<\/li>\n<\/ul>\n\n\n\n<p><strong>Lage:<\/strong><\/p>\n\n\n\n<p><strong>M\u00f6nchberg ist eine aktive Gemeinde im Landkreis Miltenberg und hat viel zu <\/strong><strong>bieten:<\/strong><br>Arztpraxis, Apotheke, Freibad, Schulen, Kinderg\u00e4rten, Gastst\u00e4tten, Minigolf, B\u00e4cker, verschiedene Gesch\u00e4fte und vieles mehr<\/p>\n\n\n\n<p><strong>Ausstattung Beschreibung:<\/strong><\/p>\n\n\n\n<ul class=\"wp-block-list\">\n<li>Wohnen, Essen, K\u00fcche, 8 Schlafzimmer, 2 B\u00e4der mit getrennten Toiletten, Garagen, Hof, Scheune, Stallungen, mehrere gemauerte Keller.<\/li>\n<\/ul>\n\n\n\n<p>Direkt am Gel\u00e4nde gibt es noch einen sch\u00f6nen Bauplatz mit eigenem Stra\u00dfenzugang (aktuell nicht im Preis enthalten)<\/p>\n\n\n\n<p><strong>Sonstige Angaben:<\/strong><\/p>\n\n\n\n<p>Wir von ProWohnen stellen Ihnen das Objekt vor Ort oder in unserem B\u00fcro in Eschau gerne pers\u00f6nlich vor und beraten Sie zu allen wichtigen Punkten. Eine Besichtigung ist nach Absprache m\u00f6glich. Zusammen mit unseren Partnern erstellen wir Ihnen auch ein Finanzierungsangebot.<\/p>\n\n\n\n<p>Sprechen Sie uns an!<\/p>\n\n\n\n<figure class=\"wp-block-gallery has-nested-images columns-default is-cropped wp-block-gallery-1 is-layout-flex wp-block-gallery-is-layout-flex\">\n<figure class=\"wp-block-image size-large\"><img decoding=\"async\" width=\"1024\" height=\"768\" data-id=\"1955\" src=\"https:\/\/prowohnen-ml.de\/wp-content\/uploads\/2025\/05\/1-1-1024x768.jpg\" alt=\"\" class=\"wp-image-1955\" title=\"\" srcset=\"https:\/\/prowohnen-ml.de\/wp-content\/uploads\/2025\/05\/1-1-1024x768.jpg 1024w, https:\/\/prowohnen-ml.de\/wp-content\/uploads\/2025\/05\/1-1-300x225.jpg 300w, https:\/\/prowohnen-ml.de\/wp-content\/uploads\/2025\/05\/1-1-768x576.jpg 768w, https:\/\/prowohnen-ml.de\/wp-content\/uploads\/2025\/05\/1-1-1536x1152.jpg 1536w, https:\/\/prowohnen-ml.de\/wp-content\/uploads\/2025\/05\/1-1-1320x990.jpg 1320w, https:\/\/prowohnen-ml.de\/wp-content\/uploads\/2025\/05\/1-1.jpg 1920w\" sizes=\"(max-width: 1024px) 100vw, 1024px\" \/><\/figure>\n\n\n\n<figure class=\"wp-block-image size-large\"><img decoding=\"async\" width=\"1024\" height=\"768\" data-id=\"1956\" src=\"https:\/\/prowohnen-ml.de\/wp-content\/uploads\/2025\/05\/2-1-1024x768.jpg\" alt=\"\" class=\"wp-image-1956\" title=\"\" srcset=\"https:\/\/prowohnen-ml.de\/wp-content\/uploads\/2025\/05\/2-1-1024x768.jpg 1024w, https:\/\/prowohnen-ml.de\/wp-content\/uploads\/2025\/05\/2-1-300x225.jpg 300w, https:\/\/prowohnen-ml.de\/wp-content\/uploads\/2025\/05\/2-1-768x576.jpg 768w, https:\/\/prowohnen-ml.de\/wp-content\/uploads\/2025\/05\/2-1-1536x1152.jpg 1536w, https:\/\/prowohnen-ml.de\/wp-content\/uploads\/2025\/05\/2-1-1320x990.jpg 1320w, https:\/\/prowohnen-ml.de\/wp-content\/uploads\/2025\/05\/2-1.jpg 1920w\" sizes=\"(max-width: 1024px) 100vw, 1024px\" \/><\/figure>\n\n\n\n<figure class=\"wp-block-image size-large\"><img loading=\"lazy\" decoding=\"async\" width=\"1024\" height=\"768\" data-id=\"1957\" src=\"https:\/\/prowohnen-ml.de\/wp-content\/uploads\/2025\/05\/3-1-1024x768.jpg\" alt=\"\" class=\"wp-image-1957\" title=\"\" srcset=\"https:\/\/prowohnen-ml.de\/wp-content\/uploads\/2025\/05\/3-1-1024x768.jpg 1024w, https:\/\/prowohnen-ml.de\/wp-content\/uploads\/2025\/05\/3-1-300x225.jpg 300w, https:\/\/prowohnen-ml.de\/wp-content\/uploads\/2025\/05\/3-1-768x576.jpg 768w, https:\/\/prowohnen-ml.de\/wp-content\/uploads\/2025\/05\/3-1-1536x1152.jpg 1536w, https:\/\/prowohnen-ml.de\/wp-content\/uploads\/2025\/05\/3-1-1320x990.jpg 1320w, https:\/\/prowohnen-ml.de\/wp-content\/uploads\/2025\/05\/3-1.jpg 1920w\" sizes=\"(max-width: 1024px) 100vw, 1024px\" \/><\/figure>\n\n\n\n<figure class=\"wp-block-image size-large\"><img loading=\"lazy\" decoding=\"async\" width=\"768\" height=\"1024\" data-id=\"1972\" src=\"https:\/\/prowohnen-ml.de\/wp-content\/uploads\/2025\/05\/18-768x1024.jpg\" alt=\"\" class=\"wp-image-1972\" title=\"\" srcset=\"https:\/\/prowohnen-ml.de\/wp-content\/uploads\/2025\/05\/18-768x1024.jpg 768w, https:\/\/prowohnen-ml.de\/wp-content\/uploads\/2025\/05\/18-225x300.jpg 225w, https:\/\/prowohnen-ml.de\/wp-content\/uploads\/2025\/05\/18-1152x1536.jpg 1152w, https:\/\/prowohnen-ml.de\/wp-content\/uploads\/2025\/05\/18-1320x1760.jpg 1320w, https:\/\/prowohnen-ml.de\/wp-content\/uploads\/2025\/05\/18.jpg 1440w\" sizes=\"(max-width: 768px) 100vw, 768px\" \/><\/figure>\n\n\n\n<figure class=\"wp-block-image size-large\"><img loading=\"lazy\" decoding=\"async\" width=\"768\" height=\"1024\" data-id=\"1971\" src=\"https:\/\/prowohnen-ml.de\/wp-content\/uploads\/2025\/05\/17-768x1024.jpg\" alt=\"\" class=\"wp-image-1971\" title=\"\" srcset=\"https:\/\/prowohnen-ml.de\/wp-content\/uploads\/2025\/05\/17-768x1024.jpg 768w, https:\/\/prowohnen-ml.de\/wp-content\/uploads\/2025\/05\/17-225x300.jpg 225w, https:\/\/prowohnen-ml.de\/wp-content\/uploads\/2025\/05\/17-1152x1536.jpg 1152w, https:\/\/prowohnen-ml.de\/wp-content\/uploads\/2025\/05\/17-1320x1760.jpg 1320w, https:\/\/prowohnen-ml.de\/wp-content\/uploads\/2025\/05\/17.jpg 1440w\" sizes=\"(max-width: 768px) 100vw, 768px\" \/><\/figure>\n\n\n\n<figure class=\"wp-block-image size-large\"><img loading=\"lazy\" decoding=\"async\" width=\"768\" height=\"1024\" data-id=\"1970\" src=\"https:\/\/prowohnen-ml.de\/wp-content\/uploads\/2025\/05\/16-768x1024.jpg\" alt=\"\" class=\"wp-image-1970\" title=\"\" srcset=\"https:\/\/prowohnen-ml.de\/wp-content\/uploads\/2025\/05\/16-768x1024.jpg 768w, https:\/\/prowohnen-ml.de\/wp-content\/uploads\/2025\/05\/16-225x300.jpg 225w, https:\/\/prowohnen-ml.de\/wp-content\/uploads\/2025\/05\/16-1152x1536.jpg 1152w, https:\/\/prowohnen-ml.de\/wp-content\/uploads\/2025\/05\/16-1320x1760.jpg 1320w, https:\/\/prowohnen-ml.de\/wp-content\/uploads\/2025\/05\/16.jpg 1440w\" sizes=\"(max-width: 768px) 100vw, 768px\" \/><\/figure>\n\n\n\n<figure class=\"wp-block-image size-large\"><img loading=\"lazy\" decoding=\"async\" width=\"768\" height=\"1024\" data-id=\"1969\" src=\"https:\/\/prowohnen-ml.de\/wp-content\/uploads\/2025\/05\/15-768x1024.jpg\" alt=\"\" class=\"wp-image-1969\" title=\"\" srcset=\"https:\/\/prowohnen-ml.de\/wp-content\/uploads\/2025\/05\/15-768x1024.jpg 768w, https:\/\/prowohnen-ml.de\/wp-content\/uploads\/2025\/05\/15-225x300.jpg 225w, https:\/\/prowohnen-ml.de\/wp-content\/uploads\/2025\/05\/15-1152x1536.jpg 1152w, https:\/\/prowohnen-ml.de\/wp-content\/uploads\/2025\/05\/15-1320x1760.jpg 1320w, https:\/\/prowohnen-ml.de\/wp-content\/uploads\/2025\/05\/15.jpg 1440w\" sizes=\"(max-width: 768px) 100vw, 768px\" \/><\/figure>\n\n\n\n<figure class=\"wp-block-image size-large\"><img loading=\"lazy\" decoding=\"async\" width=\"768\" height=\"1024\" data-id=\"1968\" src=\"https:\/\/prowohnen-ml.de\/wp-content\/uploads\/2025\/05\/14-1-768x1024.jpg\" alt=\"\" class=\"wp-image-1968\" title=\"\" srcset=\"https:\/\/prowohnen-ml.de\/wp-content\/uploads\/2025\/05\/14-1-768x1024.jpg 768w, https:\/\/prowohnen-ml.de\/wp-content\/uploads\/2025\/05\/14-1-225x300.jpg 225w, https:\/\/prowohnen-ml.de\/wp-content\/uploads\/2025\/05\/14-1-1152x1536.jpg 1152w, https:\/\/prowohnen-ml.de\/wp-content\/uploads\/2025\/05\/14-1-1320x1760.jpg 1320w, https:\/\/prowohnen-ml.de\/wp-content\/uploads\/2025\/05\/14-1.jpg 1440w\" sizes=\"(max-width: 768px) 100vw, 768px\" \/><\/figure>\n\n\n\n<figure class=\"wp-block-image size-large\"><img loading=\"lazy\" decoding=\"async\" width=\"768\" height=\"1024\" data-id=\"1967\" src=\"https:\/\/prowohnen-ml.de\/wp-content\/uploads\/2025\/05\/13-1-768x1024.jpg\" alt=\"\" class=\"wp-image-1967\" title=\"\" srcset=\"https:\/\/prowohnen-ml.de\/wp-content\/uploads\/2025\/05\/13-1-768x1024.jpg 768w, https:\/\/prowohnen-ml.de\/wp-content\/uploads\/2025\/05\/13-1-225x300.jpg 225w, https:\/\/prowohnen-ml.de\/wp-content\/uploads\/2025\/05\/13-1-1152x1536.jpg 1152w, https:\/\/prowohnen-ml.de\/wp-content\/uploads\/2025\/05\/13-1-1320x1760.jpg 1320w, https:\/\/prowohnen-ml.de\/wp-content\/uploads\/2025\/05\/13-1.jpg 1440w\" sizes=\"(max-width: 768px) 100vw, 768px\" \/><\/figure>\n\n\n\n<figure class=\"wp-block-image size-large\"><img loading=\"lazy\" decoding=\"async\" width=\"768\" height=\"1024\" data-id=\"1966\" src=\"https:\/\/prowohnen-ml.de\/wp-content\/uploads\/2025\/05\/12-1-768x1024.jpg\" alt=\"\" class=\"wp-image-1966\" title=\"\" srcset=\"https:\/\/prowohnen-ml.de\/wp-content\/uploads\/2025\/05\/12-1-768x1024.jpg 768w, https:\/\/prowohnen-ml.de\/wp-content\/uploads\/2025\/05\/12-1-225x300.jpg 225w, https:\/\/prowohnen-ml.de\/wp-content\/uploads\/2025\/05\/12-1-1152x1536.jpg 1152w, https:\/\/prowohnen-ml.de\/wp-content\/uploads\/2025\/05\/12-1-1320x1760.jpg 1320w, https:\/\/prowohnen-ml.de\/wp-content\/uploads\/2025\/05\/12-1.jpg 1440w\" sizes=\"(max-width: 768px) 100vw, 768px\" \/><\/figure>\n\n\n\n<figure class=\"wp-block-image size-large\"><img loading=\"lazy\" decoding=\"async\" width=\"768\" height=\"1024\" data-id=\"1964\" src=\"https:\/\/prowohnen-ml.de\/wp-content\/uploads\/2025\/05\/10-1-768x1024.jpg\" alt=\"\" class=\"wp-image-1964\" title=\"\" srcset=\"https:\/\/prowohnen-ml.de\/wp-content\/uploads\/2025\/05\/10-1-768x1024.jpg 768w, https:\/\/prowohnen-ml.de\/wp-content\/uploads\/2025\/05\/10-1-225x300.jpg 225w, https:\/\/prowohnen-ml.de\/wp-content\/uploads\/2025\/05\/10-1-1152x1536.jpg 1152w, https:\/\/prowohnen-ml.de\/wp-content\/uploads\/2025\/05\/10-1-1320x1760.jpg 1320w, https:\/\/prowohnen-ml.de\/wp-content\/uploads\/2025\/05\/10-1.jpg 1440w\" sizes=\"(max-width: 768px) 100vw, 768px\" \/><\/figure>\n\n\n\n<figure class=\"wp-block-image size-large\"><img loading=\"lazy\" decoding=\"async\" width=\"768\" height=\"1024\" data-id=\"1965\" src=\"https:\/\/prowohnen-ml.de\/wp-content\/uploads\/2025\/05\/11-1-768x1024.jpg\" alt=\"\" class=\"wp-image-1965\" title=\"\" srcset=\"https:\/\/prowohnen-ml.de\/wp-content\/uploads\/2025\/05\/11-1-768x1024.jpg 768w, https:\/\/prowohnen-ml.de\/wp-content\/uploads\/2025\/05\/11-1-225x300.jpg 225w, https:\/\/prowohnen-ml.de\/wp-content\/uploads\/2025\/05\/11-1-1152x1536.jpg 1152w, https:\/\/prowohnen-ml.de\/wp-content\/uploads\/2025\/05\/11-1-1320x1760.jpg 1320w, https:\/\/prowohnen-ml.de\/wp-content\/uploads\/2025\/05\/11-1.jpg 1440w\" sizes=\"(max-width: 768px) 100vw, 768px\" \/><\/figure>\n\n\n\n<figure class=\"wp-block-image size-large\"><img loading=\"lazy\" decoding=\"async\" width=\"768\" height=\"1024\" data-id=\"1958\" src=\"https:\/\/prowohnen-ml.de\/wp-content\/uploads\/2025\/05\/4-1-768x1024.jpg\" alt=\"\" class=\"wp-image-1958\" title=\"\" srcset=\"https:\/\/prowohnen-ml.de\/wp-content\/uploads\/2025\/05\/4-1-768x1024.jpg 768w, https:\/\/prowohnen-ml.de\/wp-content\/uploads\/2025\/05\/4-1-225x300.jpg 225w, https:\/\/prowohnen-ml.de\/wp-content\/uploads\/2025\/05\/4-1-1152x1536.jpg 1152w, https:\/\/prowohnen-ml.de\/wp-content\/uploads\/2025\/05\/4-1-1320x1760.jpg 1320w, https:\/\/prowohnen-ml.de\/wp-content\/uploads\/2025\/05\/4-1.jpg 1440w\" sizes=\"(max-width: 768px) 100vw, 768px\" \/><\/figure>\n\n\n\n<figure class=\"wp-block-image size-large\"><img loading=\"lazy\" decoding=\"async\" width=\"768\" height=\"1024\" data-id=\"1959\" src=\"https:\/\/prowohnen-ml.de\/wp-content\/uploads\/2025\/05\/5-1-768x1024.jpg\" alt=\"\" class=\"wp-image-1959\" title=\"\" srcset=\"https:\/\/prowohnen-ml.de\/wp-content\/uploads\/2025\/05\/5-1-768x1024.jpg 768w, https:\/\/prowohnen-ml.de\/wp-content\/uploads\/2025\/05\/5-1-225x300.jpg 225w, https:\/\/prowohnen-ml.de\/wp-content\/uploads\/2025\/05\/5-1-1152x1536.jpg 1152w, https:\/\/prowohnen-ml.de\/wp-content\/uploads\/2025\/05\/5-1-1320x1760.jpg 1320w, https:\/\/prowohnen-ml.de\/wp-content\/uploads\/2025\/05\/5-1.jpg 1440w\" sizes=\"(max-width: 768px) 100vw, 768px\" \/><\/figure>\n\n\n\n<figure class=\"wp-block-image size-large\"><img loading=\"lazy\" decoding=\"async\" width=\"768\" height=\"1024\" data-id=\"1960\" src=\"https:\/\/prowohnen-ml.de\/wp-content\/uploads\/2025\/05\/6-1-768x1024.jpg\" alt=\"\" class=\"wp-image-1960\" title=\"\" srcset=\"https:\/\/prowohnen-ml.de\/wp-content\/uploads\/2025\/05\/6-1-768x1024.jpg 768w, https:\/\/prowohnen-ml.de\/wp-content\/uploads\/2025\/05\/6-1-225x300.jpg 225w, https:\/\/prowohnen-ml.de\/wp-content\/uploads\/2025\/05\/6-1-1152x1536.jpg 1152w, https:\/\/prowohnen-ml.de\/wp-content\/uploads\/2025\/05\/6-1-1320x1760.jpg 1320w, https:\/\/prowohnen-ml.de\/wp-content\/uploads\/2025\/05\/6-1.jpg 1440w\" sizes=\"(max-width: 768px) 100vw, 768px\" \/><\/figure>\n\n\n\n<figure class=\"wp-block-image size-large\"><img loading=\"lazy\" decoding=\"async\" width=\"768\" height=\"1024\" data-id=\"1961\" src=\"https:\/\/prowohnen-ml.de\/wp-content\/uploads\/2025\/05\/7-1-768x1024.jpg\" alt=\"\" class=\"wp-image-1961\" title=\"\" srcset=\"https:\/\/prowohnen-ml.de\/wp-content\/uploads\/2025\/05\/7-1-768x1024.jpg 768w, https:\/\/prowohnen-ml.de\/wp-content\/uploads\/2025\/05\/7-1-225x300.jpg 225w, https:\/\/prowohnen-ml.de\/wp-content\/uploads\/2025\/05\/7-1-1152x1536.jpg 1152w, https:\/\/prowohnen-ml.de\/wp-content\/uploads\/2025\/05\/7-1-1320x1760.jpg 1320w, https:\/\/prowohnen-ml.de\/wp-content\/uploads\/2025\/05\/7-1.jpg 1440w\" sizes=\"(max-width: 768px) 100vw, 768px\" \/><\/figure>\n\n\n\n<figure class=\"wp-block-image size-large\"><img loading=\"lazy\" decoding=\"async\" width=\"768\" height=\"1024\" data-id=\"1962\" src=\"https:\/\/prowohnen-ml.de\/wp-content\/uploads\/2025\/05\/8-1-768x1024.jpg\" alt=\"\" class=\"wp-image-1962\" title=\"\" srcset=\"https:\/\/prowohnen-ml.de\/wp-content\/uploads\/2025\/05\/8-1-768x1024.jpg 768w, https:\/\/prowohnen-ml.de\/wp-content\/uploads\/2025\/05\/8-1-225x300.jpg 225w, https:\/\/prowohnen-ml.de\/wp-content\/uploads\/2025\/05\/8-1-1152x1536.jpg 1152w, https:\/\/prowohnen-ml.de\/wp-content\/uploads\/2025\/05\/8-1-1320x1760.jpg 1320w, https:\/\/prowohnen-ml.de\/wp-content\/uploads\/2025\/05\/8-1.jpg 1440w\" sizes=\"(max-width: 768px) 100vw, 768px\" \/><\/figure>\n\n\n\n<figure class=\"wp-block-image size-large\"><img loading=\"lazy\" decoding=\"async\" width=\"768\" height=\"1024\" data-id=\"1963\" src=\"https:\/\/prowohnen-ml.de\/wp-content\/uploads\/2025\/05\/9-1-768x1024.jpg\" alt=\"\" class=\"wp-image-1963\" title=\"\" srcset=\"https:\/\/prowohnen-ml.de\/wp-content\/uploads\/2025\/05\/9-1-768x1024.jpg 768w, https:\/\/prowohnen-ml.de\/wp-content\/uploads\/2025\/05\/9-1-225x300.jpg 225w, https:\/\/prowohnen-ml.de\/wp-content\/uploads\/2025\/05\/9-1-1152x1536.jpg 1152w, https:\/\/prowohnen-ml.de\/wp-content\/uploads\/2025\/05\/9-1-1320x1760.jpg 1320w, https:\/\/prowohnen-ml.de\/wp-content\/uploads\/2025\/05\/9-1.jpg 1440w\" sizes=\"(max-width: 768px) 100vw, 768px\" \/><\/figure>\n<\/figure>\n\n\n\n<p><\/p>\n","protected":false},"excerpt":{"rendered":"<p>Informationen zum Projekt verkauft wird ein Wohnhaus mit Garagen, Kellern, Scheunen im Zentrum von M\u00f6nchberg mit vielen M\u00f6glichkeiten. Hier kann sofort eine Gro\u00dffamilie einziehen. Das Highlight sind die liebevoll renovierten B\u00e4der.Ideal f\u00fcr Tierhalter, Schrauber, Sammler, Familien, Investoren und viele mehr. Wohnfl\u00e4che: Nutzfl\u00e4che: Grundst\u00fccksgr\u00f6\u00dfe: Lage: M\u00f6nchberg ist eine aktive Gemeinde im Landkreis Miltenberg und hat viel [&hellip;]<\/p>\n","protected":false},"author":2,"featured_media":1955,"comment_status":"closed","ping_status":"closed","sticky":false,"template":"","format":"standard","meta":{"site-sidebar-layout":"default","site-content-layout":"","ast-site-content-layout":"default","site-content-style":"default","site-sidebar-style":"default","ast-global-header-display":"","ast-banner-title-visibility":"","ast-main-header-display":"","ast-hfb-above-header-display":"","ast-hfb-below-header-display":"","ast-hfb-mobile-header-display":"","site-post-title":"","ast-breadcrumbs-content":"","ast-featured-img":"","footer-sml-layout":"","ast-disable-related-posts":"","theme-transparent-header-meta":"","adv-header-id-meta":"","stick-header-meta":"","header-above-stick-meta":"","header-main-stick-meta":"","header-below-stick-meta":"","astra-migrate-meta-layouts":"set","ast-page-background-enabled":"default","ast-page-background-meta":{"desktop":{"background-color":"var(--ast-global-color-4)","background-image":"","background-repeat":"repeat","background-position":"center center","background-size":"auto","background-attachment":"scroll","background-type":"","background-media":"","overlay-type":"","overlay-color":"","overlay-opacity":"","overlay-gradient":""},"tablet":{"background-color":"","background-image":"","background-repeat":"repeat","background-position":"center center","background-size":"auto","background-attachment":"scroll","background-type":"","background-media":"","overlay-type":"","overlay-color":"","overlay-opacity":"","overlay-gradient":""},"mobile":{"background-color":"","background-image":"","background-repeat":"repeat","background-position":"center center","background-size":"auto","background-attachment":"scroll","background-type":"","background-media":"","overlay-type":"","overlay-color":"","overlay-opacity":"","overlay-gradient":""}},"ast-content-background-meta":{"desktop":{"background-color":"var(--ast-global-color-5)","background-image":"","background-repeat":"repeat","background-position":"center center","background-size":"auto","background-attachment":"scroll","background-type":"","background-media":"","overlay-type":"","overlay-color":"","overlay-opacity":"","overlay-gradient":""},"tablet":{"background-color":"var(--ast-global-color-5)","background-image":"","background-repeat":"repeat","background-position":"center center","background-size":"auto","background-attachment":"scroll","background-type":"","background-media":"","overlay-type":"","overlay-color":"","overlay-opacity":"","overlay-gradient":""},"mobile":{"background-color":"var(--ast-global-color-5)","background-image":"","background-repeat":"repeat","background-position":"center center","background-size":"auto","background-attachment":"scroll","background-type":"","background-media":"","overlay-type":"","overlay-color":"","overlay-opacity":"","overlay-gradient":""}},"footnotes":""},"categories":[4],"tags":[],"class_list":["post-1996","post","type-post","status-publish","format-standard","has-post-thumbnail","hentry","category-projekte-im-spotlight"],"_links":{"self":[{"href":"https:\/\/prowohnen-ml.de\/index.php\/wp-json\/wp\/v2\/posts\/1996","targetHints":{"allow":["GET"]}}],"collection":[{"href":"https:\/\/prowohnen-ml.de\/index.php\/wp-json\/wp\/v2\/posts"}],"about":[{"href":"https:\/\/prowohnen-ml.de\/index.php\/wp-json\/wp\/v2\/types\/post"}],"author":[{"embeddable":true,"href":"https:\/\/prowohnen-ml.de\/index.php\/wp-json\/wp\/v2\/users\/2"}],"replies":[{"embeddable":true,"href":"https:\/\/prowohnen-ml.de\/index.php\/wp-json\/wp\/v2\/comments?post=1996"}],"version-history":[{"count":1,"href":"https:\/\/prowohnen-ml.de\/index.php\/wp-json\/wp\/v2\/posts\/1996\/revisions"}],"predecessor-version":[{"id":1997,"href":"https:\/\/prowohnen-ml.de\/index.php\/wp-json\/wp\/v2\/posts\/1996\/revisions\/1997"}],"wp:featuredmedia":[{"embeddable":true,"href":"https:\/\/prowohnen-ml.de\/index.php\/wp-json\/wp\/v2\/media\/1955"}],"wp:attachment":[{"href":"https:\/\/prowohnen-ml.de\/index.php\/wp-json\/wp\/v2\/media?parent=1996"}],"wp:term":[{"taxonomy":"category","embeddable":true,"href":"https:\/\/prowohnen-ml.de\/index.php\/wp-json\/wp\/v2\/categories?post=1996"},{"taxonomy":"post_tag","embeddable":true,"href":"https:\/\/prowohnen-ml.de\/index.php\/wp-json\/wp\/v2\/tags?post=1996"}],"curies":[{"name":"wp","href":"https:\/\/api.w.org\/{rel}","templated":true}]}}