{"id":1914,"date":"2025-05-13T12:46:10","date_gmt":"2025-05-13T12:46:10","guid":{"rendered":"https:\/\/prowohnen-ml.de\/?p=1914"},"modified":"2025-08-18T13:42:59","modified_gmt":"2025-08-18T13:42:59","slug":"traumbauplatz-am-ortsrand-von-obernburg","status":"publish","type":"post","link":"https:\/\/prowohnen-ml.de\/index.php\/2025\/05\/13\/traumbauplatz-am-ortsrand-von-obernburg\/","title":{"rendered":"Traumbauplatz am Ortsrand von Obernburg"},"content":{"rendered":"\t\t<div data-elementor-type=\"wp-post\" data-elementor-id=\"1914\" class=\"elementor elementor-1914\" data-elementor-post-type=\"post\">\n\t\t\t\t<div class=\"elementor-element elementor-element-17c82ffb e-con-full e-flex e-con e-parent\" data-id=\"17c82ffb\" data-element_type=\"container\" data-e-type=\"container\">\n\t\t\t\t<div class=\"elementor-element elementor-element-b31aebc elementor-widget elementor-widget-image\" data-id=\"b31aebc\" data-element_type=\"widget\" data-e-type=\"widget\" data-widget_type=\"image.default\">\n\t\t\t\t<div class=\"elementor-widget-container\">\n\t\t\t\t\t\t\t\t\t\t\t\t\t\t\t<img fetchpriority=\"high\" decoding=\"async\" width=\"1024\" height=\"768\" src=\"https:\/\/prowohnen-ml.de\/wp-content\/uploads\/2025\/05\/Bauplatz_Obernburg_20250208_122815-1-1024x768.jpg\" class=\"attachment-large size-large wp-image-1920\" alt=\"\" srcset=\"https:\/\/prowohnen-ml.de\/wp-content\/uploads\/2025\/05\/Bauplatz_Obernburg_20250208_122815-1-1024x768.jpg 1024w, https:\/\/prowohnen-ml.de\/wp-content\/uploads\/2025\/05\/Bauplatz_Obernburg_20250208_122815-1-300x225.jpg 300w, https:\/\/prowohnen-ml.de\/wp-content\/uploads\/2025\/05\/Bauplatz_Obernburg_20250208_122815-1-768x576.jpg 768w, https:\/\/prowohnen-ml.de\/wp-content\/uploads\/2025\/05\/Bauplatz_Obernburg_20250208_122815-1-1536x1152.jpg 1536w, https:\/\/prowohnen-ml.de\/wp-content\/uploads\/2025\/05\/Bauplatz_Obernburg_20250208_122815-1-1320x990.jpg 1320w, https:\/\/prowohnen-ml.de\/wp-content\/uploads\/2025\/05\/Bauplatz_Obernburg_20250208_122815-1.jpg 2000w\" sizes=\"(max-width: 1024px) 100vw, 1024px\" title=\"\">\t\t\t\t\t\t\t\t\t\t\t\t\t\t\t<\/div>\n\t\t\t\t<\/div>\n\t\t\t\t<div class=\"elementor-element elementor-element-2d9d8159 elementor-widget elementor-widget-text-editor\" data-id=\"2d9d8159\" data-element_type=\"widget\" data-e-type=\"widget\" data-widget_type=\"text-editor.default\">\n\t\t\t\t<div class=\"elementor-widget-container\">\n\t\t\t\t\t\t\t\t\t<p><\/p>\n<h2 class=\"wp-block-heading\">Informationen zum Projekt<\/h2>\n<p><\/p>\n<p class=\"x_MsoNormal\" data-olk-copy-source=\"MessageBody\"><strong>Traumbauplatz am Ortsrand von Obernburg in Bestlage mit 724m\u00b2<\/strong><\/p>\n<p class=\"x_MsoNormal\">Baum\u00f6glichkeiten: Bauen k\u00f6nnen Sie hier ein Mehrfamilienhaus, 2 Doppelhaush\u00e4lften oder ein Einfamilienhaus. Den Preis erhalten Sie gerne auf Anfrage.<\/p>\n<p><strong>Sprechen Sie uns an, wir beraten Sie gerne<\/strong>.<\/p>\n<p><\/p>\n<figure class=\"wp-block-gallery-2 is-layout-flex wp-block-gallery-is-layout-flex\">\n<p>\u00a0<\/p>\n<figure><img decoding=\"async\" data-id=\"1589\" src=\"https:\/\/prowohnen-ml.de\/wp-content\/uploads\/2025\/05\/Bauplatz_Obernburg_20250208_122921-300x225.jpg\" alt=\"\" width=\"300\" height=\"225\" title=\"\"><\/figure>\n<p><img decoding=\"async\" src=\"https:\/\/prowohnen-ml.de\/wp-content\/uploads\/2025\/05\/Bauplatz_Obernburg_20250208_122815-1-300x225.jpg\" alt=\"\" width=\"300\" height=\"225\" title=\"\"><\/p>\n<p><img loading=\"lazy\" decoding=\"async\" src=\"https:\/\/prowohnen-ml.de\/wp-content\/uploads\/2025\/05\/Bauplatz_Obernburg_20250208_122854-1-225x300.jpg\" alt=\"\" width=\"225\" height=\"300\" title=\"\"><\/p>\n<p><\/p>\n<\/figure>\n<p><\/p>\n<p><\/p>\t\t\t\t\t\t\t\t<\/div>\n\t\t\t\t<\/div>\n\t\t\t\t<\/div>\n\t\t\t\t<\/div>\n\t\t","protected":false},"excerpt":{"rendered":"<p>Informationen zum Projekt Traumbauplatz am Ortsrand von Obernburg in Bestlage mit 724m\u00b2 Baum\u00f6glichkeiten: Bauen k\u00f6nnen Sie hier ein Mehrfamilienhaus, 2 Doppelhaush\u00e4lften oder ein Einfamilienhaus. Den Preis erhalten Sie gerne auf Anfrage. Sprechen Sie uns an, wir beraten Sie gerne.<\/p>\n","protected":false},"author":2,"featured_media":1918,"comment_status":"closed","ping_status":"closed","sticky":false,"template":"","format":"standard","meta":{"site-sidebar-layout":"default","site-content-layout":"","ast-site-content-layout":"default","site-content-style":"default","site-sidebar-style":"default","ast-global-header-display":"","ast-banner-title-visibility":"","ast-main-header-display":"","ast-hfb-above-header-display":"","ast-hfb-below-header-display":"","ast-hfb-mobile-header-display":"","site-post-title":"","ast-breadcrumbs-content":"","ast-featured-img":"","footer-sml-layout":"","ast-disable-related-posts":"","theme-transparent-header-meta":"","adv-header-id-meta":"","stick-header-meta":"","header-above-stick-meta":"","header-main-stick-meta":"","header-below-stick-meta":"","astra-migrate-meta-layouts":"set","ast-page-background-enabled":"default","ast-page-background-meta":{"desktop":{"background-color":"var(--ast-global-color-4)","background-image":"","background-repeat":"repeat","background-position":"center center","background-size":"auto","background-attachment":"scroll","background-type":"","background-media":"","overlay-type":"","overlay-color":"","overlay-opacity":"","overlay-gradient":""},"tablet":{"background-color":"","background-image":"","background-repeat":"repeat","background-position":"center center","background-size":"auto","background-attachment":"scroll","background-type":"","background-media":"","overlay-type":"","overlay-color":"","overlay-opacity":"","overlay-gradient":""},"mobile":{"background-color":"","background-image":"","background-repeat":"repeat","background-position":"center center","background-size":"auto","background-attachment":"scroll","background-type":"","background-media":"","overlay-type":"","overlay-color":"","overlay-opacity":"","overlay-gradient":""}},"ast-content-background-meta":{"desktop":{"background-color":"var(--ast-global-color-5)","background-image":"","background-repeat":"repeat","background-position":"center center","background-size":"auto","background-attachment":"scroll","background-type":"","background-media":"","overlay-type":"","overlay-color":"","overlay-opacity":"","overlay-gradient":""},"tablet":{"background-color":"var(--ast-global-color-5)","background-image":"","background-repeat":"repeat","background-position":"center center","background-size":"auto","background-attachment":"scroll","background-type":"","background-media":"","overlay-type":"","overlay-color":"","overlay-opacity":"","overlay-gradient":""},"mobile":{"background-color":"var(--ast-global-color-5)","background-image":"","background-repeat":"repeat","background-position":"center center","background-size":"auto","background-attachment":"scroll","background-type":"","background-media":"","overlay-type":"","overlay-color":"","overlay-opacity":"","overlay-gradient":""}},"footnotes":""},"categories":[4],"tags":[],"class_list":["post-1914","post","type-post","status-publish","format-standard","has-post-thumbnail","hentry","category-projekte-im-spotlight"],"_links":{"self":[{"href":"https:\/\/prowohnen-ml.de\/index.php\/wp-json\/wp\/v2\/posts\/1914","targetHints":{"allow":["GET"]}}],"collection":[{"href":"https:\/\/prowohnen-ml.de\/index.php\/wp-json\/wp\/v2\/posts"}],"about":[{"href":"https:\/\/prowohnen-ml.de\/index.php\/wp-json\/wp\/v2\/types\/post"}],"author":[{"embeddable":true,"href":"https:\/\/prowohnen-ml.de\/index.php\/wp-json\/wp\/v2\/users\/2"}],"replies":[{"embeddable":true,"href":"https:\/\/prowohnen-ml.de\/index.php\/wp-json\/wp\/v2\/comments?post=1914"}],"version-history":[{"count":4,"href":"https:\/\/prowohnen-ml.de\/index.php\/wp-json\/wp\/v2\/posts\/1914\/revisions"}],"predecessor-version":[{"id":1923,"href":"https:\/\/prowohnen-ml.de\/index.php\/wp-json\/wp\/v2\/posts\/1914\/revisions\/1923"}],"wp:featuredmedia":[{"embeddable":true,"href":"https:\/\/prowohnen-ml.de\/index.php\/wp-json\/wp\/v2\/media\/1918"}],"wp:attachment":[{"href":"https:\/\/prowohnen-ml.de\/index.php\/wp-json\/wp\/v2\/media?parent=1914"}],"wp:term":[{"taxonomy":"category","embeddable":true,"href":"https:\/\/prowohnen-ml.de\/index.php\/wp-json\/wp\/v2\/categories?post=1914"},{"taxonomy":"post_tag","embeddable":true,"href":"https:\/\/prowohnen-ml.de\/index.php\/wp-json\/wp\/v2\/tags?post=1914"}],"curies":[{"name":"wp","href":"https:\/\/api.w.org\/{rel}","templated":true}]}}