{"id":1867,"date":"2025-04-10T08:00:30","date_gmt":"2025-04-10T08:00:30","guid":{"rendered":"https:\/\/prowohnen-ml.de\/?p=1867"},"modified":"2025-08-26T11:45:36","modified_gmt":"2025-08-26T11:45:36","slug":"bungalow-wohnanlage-in-geiselbach-bei-aschaffenburg","status":"publish","type":"post","link":"https:\/\/prowohnen-ml.de\/index.php\/2025\/04\/10\/bungalow-wohnanlage-in-geiselbach-bei-aschaffenburg\/","title":{"rendered":"Bungalow Wohnanlage in Geiselbach bei Aschaffenburg"},"content":{"rendered":"\t\t<div data-elementor-type=\"wp-post\" data-elementor-id=\"1867\" class=\"elementor elementor-1867\" data-elementor-post-type=\"post\">\n\t\t\t\t<div class=\"elementor-element elementor-element-2aa03672 e-flex e-con-boxed e-con e-parent\" data-id=\"2aa03672\" data-element_type=\"container\" data-e-type=\"container\">\n\t\t\t\t\t<div class=\"e-con-inner\">\n\t\t\t\t<div class=\"elementor-element elementor-element-afc3819 elementor-widget elementor-widget-image\" data-id=\"afc3819\" data-element_type=\"widget\" data-e-type=\"widget\" data-widget_type=\"image.default\">\n\t\t\t\t<div class=\"elementor-widget-container\">\n\t\t\t\t\t\t\t\t\t\t\t\t\t\t\t<img fetchpriority=\"high\" decoding=\"async\" width=\"1024\" height=\"576\" src=\"https:\/\/prowohnen-ml.de\/wp-content\/uploads\/2025\/04\/2025-Seniorenwohnen-in-Geiselbach-2-1024x576.jpg\" class=\"attachment-large size-large wp-image-1870\" alt=\"\" srcset=\"https:\/\/prowohnen-ml.de\/wp-content\/uploads\/2025\/04\/2025-Seniorenwohnen-in-Geiselbach-2-1024x576.jpg 1024w, https:\/\/prowohnen-ml.de\/wp-content\/uploads\/2025\/04\/2025-Seniorenwohnen-in-Geiselbach-2-300x169.jpg 300w, https:\/\/prowohnen-ml.de\/wp-content\/uploads\/2025\/04\/2025-Seniorenwohnen-in-Geiselbach-2-768x432.jpg 768w, https:\/\/prowohnen-ml.de\/wp-content\/uploads\/2025\/04\/2025-Seniorenwohnen-in-Geiselbach-2-1536x864.jpg 1536w, https:\/\/prowohnen-ml.de\/wp-content\/uploads\/2025\/04\/2025-Seniorenwohnen-in-Geiselbach-2-1320x743.jpg 1320w, https:\/\/prowohnen-ml.de\/wp-content\/uploads\/2025\/04\/2025-Seniorenwohnen-in-Geiselbach-2.jpg 1920w\" sizes=\"(max-width: 1024px) 100vw, 1024px\" title=\"\">\t\t\t\t\t\t\t\t\t\t\t\t\t\t\t<\/div>\n\t\t\t\t<\/div>\n\t\t\t\t<div class=\"elementor-element elementor-element-68f26394 elementor-widget elementor-widget-text-editor\" data-id=\"68f26394\" data-element_type=\"widget\" data-e-type=\"widget\" data-widget_type=\"text-editor.default\">\n\t\t\t\t<div class=\"elementor-widget-container\">\n\t\t\t\t\t\t\t\t\t<p><\/p>\n<h2 class=\"wp-block-heading\">Informationen zum Projekt<\/h2>\n<p><\/p>\n<p>Am sonnigen Ortsrand von Geiselbach entstehen <strong>33 bezugsfertige Bungalow Wohneinheiten<\/strong> in verschiedenen <br \/><strong>Gr\u00f6\u00dfen von 34\u00a0 bis\u00a0 108m\u00b2<\/strong>.<\/p>\n<p>Es bleiben keine W\u00fcnsche offen:<\/p>\n<p><\/p>\n<ul class=\"wp-block-list\">\n<li style=\"list-style-type: none;\">\n<ul class=\"wp-block-list\"><\/ul>\n<\/li>\n<\/ul>\n<ul class=\"wp-block-list\">\n<li style=\"list-style-type: none;\">\n<ul class=\"wp-block-list\">\n<li><strong>Terrassen<\/strong><\/li>\n<li><strong>zum Teil Garagen<\/strong><\/li>\n<li><strong>Stellpl\u00e4tze<\/strong>\u00a0<\/li>\n<\/ul>\n<\/li>\n<\/ul>\n<p><\/p>\n<p>In der direkten Nachbarschaft entsteht eine Tagepflege, die durch die <strong>Caritas<\/strong> betreut wird.\u00a0<\/p>\n<p><strong>Reservierungen von Wohneinheiten<\/strong> sind bei uns schon m\u00f6glich.<br \/>Gerne beraten wir sie auch in Bezug auf das geplante Servicekonzept.<\/p>\t\t\t\t\t\t\t\t<\/div>\n\t\t\t\t<\/div>\n\t\t\t\t\t<\/div>\n\t\t\t\t<\/div>\n\t\t<\/p>\n<p>Am sonnigen Ortsrand von Geiselbach entstehen <strong>33 bezugsfertige Bungalow Wohneinheiten<\/strong> in verschiedenen <br \/><strong>Gr\u00f6\u00dfen von 34\u00a0 bis\u00a0 108m\u00b2<\/strong>.<\/p>\n<p>Es bleiben keine W\u00fcnsche offen:<\/p>\n<p><!-- wp:list --><\/p>\n<ul class=\"wp-block-list\">\n<li style=\"list-style-type: none;\">\n<ul class=\"wp-block-list\"><!-- wp:list-item --><\/ul>\n<\/li>\n<\/ul>\n<ul class=\"wp-block-list\">\n<li style=\"list-style-type: none;\">\n<ul class=\"wp-block-list\">\n<li><strong>Terrassen<\/strong><\/li>\n<li><strong>zum Teil Garagen<\/strong><\/li>\n<li><strong>Stellpl\u00e4tze<\/strong>\u00a0<\/li>\n<\/ul>\n<\/li>\n<\/ul>\n<p><!-- \/wp:list-item --><\/p>\n<p>In der direkten Nachbarschaft entsteht eine Tagepflege, die durch die <strong>Caritas<\/strong> betreut wird.\u00a0<\/p>\n<p><strong>Reservierungen von Wohneinheiten<\/strong> sind bei uns schon m\u00f6glich.<br \/>Gerne beraten wir sie auch in Bezug auf das geplante Servicekonzept.<\/p>\t\t\t\t\t\t\t\t<\/div>\n\t\t\t\t<\/div>\n\t\t\t\t\t<\/div>\n\t\t\t\t<\/div>\n\t\t\t\t<\/div>\n\t\t","protected":false},"excerpt":{"rendered":"<p>Informationen zum Projekt Am sonnigen Ortsrand von Geiselbach entstehen 33 bezugsfertige Bungalow Wohneinheiten in verschiedenen Gr\u00f6\u00dfen von 34\u00a0 bis\u00a0 108m\u00b2. Es bleiben keine W\u00fcnsche offen: Am sonnigen Ortsrand von Geiselbach entstehen 33 bezugsfertige Bungalow Wohneinheiten in verschiedenen Gr\u00f6\u00dfen von 34\u00a0 bis\u00a0 108m\u00b2. Es bleiben keine W\u00fcnsche offen: Terrassen zum Teil Garagen Stellpl\u00e4tze\u00a0 In der direkten [&hellip;]<\/p>\n","protected":false},"author":2,"featured_media":1870,"comment_status":"closed","ping_status":"closed","sticky":false,"template":"","format":"standard","meta":{"site-sidebar-layout":"default","site-content-layout":"","ast-site-content-layout":"default","site-content-style":"default","site-sidebar-style":"default","ast-global-header-display":"","ast-banner-title-visibility":"","ast-main-header-display":"","ast-hfb-above-header-display":"","ast-hfb-below-header-display":"","ast-hfb-mobile-header-display":"","site-post-title":"","ast-breadcrumbs-content":"","ast-featured-img":"","footer-sml-layout":"","ast-disable-related-posts":"","theme-transparent-header-meta":"","adv-header-id-meta":"","stick-header-meta":"","header-above-stick-meta":"","header-main-stick-meta":"","header-below-stick-meta":"","astra-migrate-meta-layouts":"set","ast-page-background-enabled":"default","ast-page-background-meta":{"desktop":{"background-color":"var(--ast-global-color-4)","background-image":"","background-repeat":"repeat","background-position":"center center","background-size":"auto","background-attachment":"scroll","background-type":"","background-media":"","overlay-type":"","overlay-color":"","overlay-opacity":"","overlay-gradient":""},"tablet":{"background-color":"","background-image":"","background-repeat":"repeat","background-position":"center center","background-size":"auto","background-attachment":"scroll","background-type":"","background-media":"","overlay-type":"","overlay-color":"","overlay-opacity":"","overlay-gradient":""},"mobile":{"background-color":"","background-image":"","background-repeat":"repeat","background-position":"center center","background-size":"auto","background-attachment":"scroll","background-type":"","background-media":"","overlay-type":"","overlay-color":"","overlay-opacity":"","overlay-gradient":""}},"ast-content-background-meta":{"desktop":{"background-color":"var(--ast-global-color-5)","background-image":"","background-repeat":"repeat","background-position":"center center","background-size":"auto","background-attachment":"scroll","background-type":"","background-media":"","overlay-type":"","overlay-color":"","overlay-opacity":"","overlay-gradient":""},"tablet":{"background-color":"var(--ast-global-color-5)","background-image":"","background-repeat":"repeat","background-position":"center center","background-size":"auto","background-attachment":"scroll","background-type":"","background-media":"","overlay-type":"","overlay-color":"","overlay-opacity":"","overlay-gradient":""},"mobile":{"background-color":"var(--ast-global-color-5)","background-image":"","background-repeat":"repeat","background-position":"center center","background-size":"auto","background-attachment":"scroll","background-type":"","background-media":"","overlay-type":"","overlay-color":"","overlay-opacity":"","overlay-gradient":""}},"footnotes":""},"categories":[4],"tags":[],"class_list":["post-1867","post","type-post","status-publish","format-standard","has-post-thumbnail","hentry","category-projekte-im-spotlight"],"_links":{"self":[{"href":"https:\/\/prowohnen-ml.de\/index.php\/wp-json\/wp\/v2\/posts\/1867","targetHints":{"allow":["GET"]}}],"collection":[{"href":"https:\/\/prowohnen-ml.de\/index.php\/wp-json\/wp\/v2\/posts"}],"about":[{"href":"https:\/\/prowohnen-ml.de\/index.php\/wp-json\/wp\/v2\/types\/post"}],"author":[{"embeddable":true,"href":"https:\/\/prowohnen-ml.de\/index.php\/wp-json\/wp\/v2\/users\/2"}],"replies":[{"embeddable":true,"href":"https:\/\/prowohnen-ml.de\/index.php\/wp-json\/wp\/v2\/comments?post=1867"}],"version-history":[{"count":19,"href":"https:\/\/prowohnen-ml.de\/index.php\/wp-json\/wp\/v2\/posts\/1867\/revisions"}],"predecessor-version":[{"id":2310,"href":"https:\/\/prowohnen-ml.de\/index.php\/wp-json\/wp\/v2\/posts\/1867\/revisions\/2310"}],"wp:featuredmedia":[{"embeddable":true,"href":"https:\/\/prowohnen-ml.de\/index.php\/wp-json\/wp\/v2\/media\/1870"}],"wp:attachment":[{"href":"https:\/\/prowohnen-ml.de\/index.php\/wp-json\/wp\/v2\/media?parent=1867"}],"wp:term":[{"taxonomy":"category","embeddable":true,"href":"https:\/\/prowohnen-ml.de\/index.php\/wp-json\/wp\/v2\/categories?post=1867"},{"taxonomy":"post_tag","embeddable":true,"href":"https:\/\/prowohnen-ml.de\/index.php\/wp-json\/wp\/v2\/tags?post=1867"}],"curies":[{"name":"wp","href":"https:\/\/api.w.org\/{rel}","templated":true}]}}